{"id":287,"date":"2023-11-17T12:41:39","date_gmt":"2023-11-17T11:41:39","guid":{"rendered":"https:\/\/specijali.net.hr\/teme\/?p=287"},"modified":"2023-11-22T11:29:22","modified_gmt":"2023-11-22T10:29:22","slug":"ovo-je-top-10-komada-iz-hm-djecje-kolekcije-koje-bismo-i-same-nosile","status":"publish","type":"post","link":"https:\/\/specijali.net.hr\/teme\/ovo-je-top-10-komada-iz-hm-djecje-kolekcije-koje-bismo-i-same-nosile\/","title":{"rendered":"Ovo je top 10 komada iz H&amp;M dje\u010dje kolekcije koje bismo i same nosile"},"content":{"rendered":"\n<p>Sti\u017eu blagdani i mnogi ve\u0107 razmi\u0161ljaju o obiteljskim i drugima zabavama, a upravo za takve prilike va\u017eno je u ormaru imati nekoliko&nbsp;<em>outfita<\/em>. No vrlo je va\u017eno da spremni budu i mali\u0161ani svih uzrasta &#8211; ipak su oni najsla\u0111i \u010dlanovi obitelji. H&amp;M je za ove blagdane pripremio kolekciju<strong>&nbsp;<a href=\"https:\/\/www2.hm.com\/en_eur\/free-form-campaigns\/holiday-2023.kids.html\" target=\"_blank\" rel=\"noreferrer noopener\">Holiday Kids<\/a><\/strong>&nbsp;u kojoj \u0107e svaki<strong>&nbsp;mali\u0161an biti dotjeran za obiteljske ru\u010dkove, ali i &#8211; ples.<\/strong><\/p>\n\n\n\n<p id=\"x_x_block-c31ddfee-cb1b-4e50-be71-18aec766a9b8\">Upravo su blagdani sjajna prilika da klinci zablistaju u svom autenti\u010dnom stilu koji im se svi\u0111a i koji izgra\u0111uju gledaju\u0107i i upijaju\u0107i svijet oko sebe. Ho\u0107e li odabrati haljinicu s ma\u0161nom ili srebrnu bluzu sa \u0161ljokicama? Mo\u017eda \u0107e se odli\u010dno osje\u0107ati u odijelu od vune ili ko\u0161ulji s leptir-ma\u0161nom? Opcija je mnogo, a \u0161togod da odaberu, bit \u0107e u centru modne pozornosti!<\/p>\n\n\n\n<p>H&amp;M kolekcija za blagdane toliko je fantasti\u010dna da smo i mi po\u017eeljele upravo ovakve komade za predstoje\u0107e vrijeme&nbsp;<em>partyja<\/em>&nbsp;i dru\u017eenja. Kako izgleda H&amp;M Holiday Kids kolekcija, mo\u017eete pogledati u nastavku. Sigurno je da \u0107e mali\u0161ani u njoj biti najbolje odjevni gosti na svakom ru\u010dku i partyju.<\/p>\n\n\n\n<hr class=\"wp-block-separator has-alpha-channel-opacity\"\/>\n\n\n\n<div class=\"wp-block-media-text is-stacked-on-mobile\"><figure class=\"wp-block-media-text__media\"><img loading=\"lazy\" decoding=\"async\" width=\"1024\" height=\"1024\" data-attachment-id=\"314\" data-permalink=\"https:\/\/specijali.net.hr\/teme\/ovo-je-top-10-komada-iz-hm-djecje-kolekcije-koje-bismo-i-same-nosile\/befunky-collage-8-2\/\" data-orig-file=\"https:\/\/specijali.net.hr\/teme\/wp-content\/uploads\/2023\/11\/BeFunky-collage-8-1.jpg\" data-orig-size=\"1024,1024\" data-comments-opened=\"0\" data-image-meta=\"{&quot;aperture&quot;:&quot;0&quot;,&quot;credit&quot;:&quot;&quot;,&quot;camera&quot;:&quot;&quot;,&quot;caption&quot;:&quot;&quot;,&quot;created_timestamp&quot;:&quot;0&quot;,&quot;copyright&quot;:&quot;&quot;,&quot;focal_length&quot;:&quot;0&quot;,&quot;iso&quot;:&quot;0&quot;,&quot;shutter_speed&quot;:&quot;0&quot;,&quot;title&quot;:&quot;&quot;,&quot;orientation&quot;:&quot;0&quot;}\" data-image-title=\"BeFunky-collage-(8)\" data-image-description=\"\" data-image-caption=\"\" data-large-file=\"https:\/\/specijali.net.hr\/teme\/wp-content\/uploads\/2023\/11\/BeFunky-collage-8-1.jpg\" src=\"https:\/\/specijali.net.hr\/teme\/wp-content\/uploads\/2023\/11\/BeFunky-collage-8-1.jpg\" alt=\"\" class=\"wp-image-314 size-large\" srcset=\"https:\/\/specijali.net.hr\/teme\/wp-content\/uploads\/2023\/11\/BeFunky-collage-8-1.jpg 1024w, https:\/\/specijali.net.hr\/teme\/wp-content\/uploads\/2023\/11\/BeFunky-collage-8-1-300x300.jpg 300w, https:\/\/specijali.net.hr\/teme\/wp-content\/uploads\/2023\/11\/BeFunky-collage-8-1-150x150.jpg 150w, https:\/\/specijali.net.hr\/teme\/wp-content\/uploads\/2023\/11\/BeFunky-collage-8-1-768x768.jpg 768w\" sizes=\"auto, (max-width: 1024px) 100vw, 1024px\" \/><\/figure><div class=\"wp-block-media-text__content\">\n<h2 class=\"wp-block-heading\">Smoking-ko\u0161ulja s ma\u0161nom &#8211; 19,99\u20ac<\/h2>\n\n\n\n<p id=\"x_x_block-bb7c4ca3-c157-48c5-9ad4-fadfcd7bb195\">Svaki dje\u010dak izgleda elegantno u bijeloj ko\u0161ulji, a leptir-ma\u0161na \u0107e stvoriti poseban dojam. Mo\u017ee se odli\u010dno stilizirati uz traperice za le\u017eernije prigode ili uz klasi\u010dne hla\u010de i sako ako obitelj prisustvuje nekom sve\u010danom doga\u0111aju.<\/p>\n\n\n\n<p id=\"x_x_block-2856194f-aec9-40ef-84e5-4a5fbe814307\">&nbsp;Brzi link za kupnju: &nbsp;<a href=\"https:\/\/www2.hm.com\/en_eur\/free-form-campaigns\/holiday-2023.kids.html#\/kids\/default\/product\/article-78\" target=\"_blank\" rel=\"noreferrer noopener\">OVDJE<\/a><\/p>\n<\/div><\/div>\n\n\n\n<hr class=\"wp-block-separator has-alpha-channel-opacity\"\/>\n\n\n\n<div class=\"wp-block-media-text has-media-on-the-right is-stacked-on-mobile\"><div class=\"wp-block-media-text__content\">\n<h2 class=\"wp-block-heading\" id=\"x_x_block-3ac560c1-411f-42f5-b135-f3bfb1fa29c2\">Bluza sa \u0161ljokicama &#8211; 19,99\u20ac<\/h2>\n\n\n\n<p id=\"x_x_block-32f1f014-6f81-47b9-98f1-d2831ae31631\">Koja klinceza ne voli sjajne stvari?! Sigurno sve \u017eele zablistati u srebrnoj bluzi kratkih rukava. A svaka djevoj\u010dica zna da se sjajna bluza mo\u017ee nositi uz tajice, hla\u010de ili suknjicu &#8211; &nbsp;jer ona je prava zvijezda.&nbsp;<\/p>\n\n\n\n<p id=\"x_x_block-32f1f014-6f81-47b9-98f1-d2831ae31631\">Brzi link za kupnju: &nbsp;<a href=\"https:\/\/www2.hm.com\/en_eur\/free-form-campaigns\/holiday-2023.kids.html#\/kids\/default\/product\/article-108\" target=\"_blank\" rel=\"noreferrer noopener\">OVDJE<\/a><\/p>\n<\/div><figure class=\"wp-block-media-text__media\"><img loading=\"lazy\" decoding=\"async\" width=\"1024\" height=\"1024\" data-attachment-id=\"318\" data-permalink=\"https:\/\/specijali.net.hr\/teme\/ovo-je-top-10-komada-iz-hm-djecje-kolekcije-koje-bismo-i-same-nosile\/befunky-collage-9\/\" data-orig-file=\"https:\/\/specijali.net.hr\/teme\/wp-content\/uploads\/2023\/11\/BeFunky-collage-9.jpg\" data-orig-size=\"1024,1024\" data-comments-opened=\"0\" data-image-meta=\"{&quot;aperture&quot;:&quot;0&quot;,&quot;credit&quot;:&quot;&quot;,&quot;camera&quot;:&quot;&quot;,&quot;caption&quot;:&quot;&quot;,&quot;created_timestamp&quot;:&quot;0&quot;,&quot;copyright&quot;:&quot;&quot;,&quot;focal_length&quot;:&quot;0&quot;,&quot;iso&quot;:&quot;0&quot;,&quot;shutter_speed&quot;:&quot;0&quot;,&quot;title&quot;:&quot;&quot;,&quot;orientation&quot;:&quot;0&quot;}\" data-image-title=\"BeFunky-collage-(9)\" data-image-description=\"\" data-image-caption=\"\" data-large-file=\"https:\/\/specijali.net.hr\/teme\/wp-content\/uploads\/2023\/11\/BeFunky-collage-9.jpg\" src=\"https:\/\/specijali.net.hr\/teme\/wp-content\/uploads\/2023\/11\/BeFunky-collage-9.jpg\" alt=\"\" class=\"wp-image-318 size-full\" srcset=\"https:\/\/specijali.net.hr\/teme\/wp-content\/uploads\/2023\/11\/BeFunky-collage-9.jpg 1024w, https:\/\/specijali.net.hr\/teme\/wp-content\/uploads\/2023\/11\/BeFunky-collage-9-300x300.jpg 300w, https:\/\/specijali.net.hr\/teme\/wp-content\/uploads\/2023\/11\/BeFunky-collage-9-150x150.jpg 150w, https:\/\/specijali.net.hr\/teme\/wp-content\/uploads\/2023\/11\/BeFunky-collage-9-768x768.jpg 768w\" sizes=\"auto, (max-width: 1024px) 100vw, 1024px\" \/><\/figure><\/div>\n\n\n\n<hr class=\"wp-block-separator has-alpha-channel-opacity\"\/>\n\n\n\n<div class=\"wp-block-media-text is-stacked-on-mobile\"><figure class=\"wp-block-media-text__media\"><img loading=\"lazy\" decoding=\"async\" width=\"1024\" height=\"1024\" data-attachment-id=\"319\" data-permalink=\"https:\/\/specijali.net.hr\/teme\/ovo-je-top-10-komada-iz-hm-djecje-kolekcije-koje-bismo-i-same-nosile\/befunky-collage-16\/\" data-orig-file=\"https:\/\/specijali.net.hr\/teme\/wp-content\/uploads\/2023\/11\/BeFunky-collage-16.jpg\" data-orig-size=\"1024,1024\" data-comments-opened=\"0\" data-image-meta=\"{&quot;aperture&quot;:&quot;0&quot;,&quot;credit&quot;:&quot;&quot;,&quot;camera&quot;:&quot;&quot;,&quot;caption&quot;:&quot;&quot;,&quot;created_timestamp&quot;:&quot;0&quot;,&quot;copyright&quot;:&quot;&quot;,&quot;focal_length&quot;:&quot;0&quot;,&quot;iso&quot;:&quot;0&quot;,&quot;shutter_speed&quot;:&quot;0&quot;,&quot;title&quot;:&quot;&quot;,&quot;orientation&quot;:&quot;0&quot;}\" data-image-title=\"BeFunky-collage-(16)\" data-image-description=\"\" data-image-caption=\"\" data-large-file=\"https:\/\/specijali.net.hr\/teme\/wp-content\/uploads\/2023\/11\/BeFunky-collage-16.jpg\" src=\"https:\/\/specijali.net.hr\/teme\/wp-content\/uploads\/2023\/11\/BeFunky-collage-16.jpg\" alt=\"\" class=\"wp-image-319 size-full\" srcset=\"https:\/\/specijali.net.hr\/teme\/wp-content\/uploads\/2023\/11\/BeFunky-collage-16.jpg 1024w, https:\/\/specijali.net.hr\/teme\/wp-content\/uploads\/2023\/11\/BeFunky-collage-16-300x300.jpg 300w, https:\/\/specijali.net.hr\/teme\/wp-content\/uploads\/2023\/11\/BeFunky-collage-16-150x150.jpg 150w, https:\/\/specijali.net.hr\/teme\/wp-content\/uploads\/2023\/11\/BeFunky-collage-16-768x768.jpg 768w\" sizes=\"auto, (max-width: 1024px) 100vw, 1024px\" \/><\/figure><div class=\"wp-block-media-text__content\">\n<h2 class=\"wp-block-heading\" id=\"x_x_block-b270808d-0a16-4250-a2c3-6a1a51acb0bd\">Odijelo od mje\u0161avine vune &#8211; hla\u010de (29,99\u20ac) i sako (44,99\u20ac)<\/h2>\n\n\n\n<p id=\"x_x_block-1c23cd2c-5357-410a-9253-f063b515b9d7\">Kada dijete nosi odijelo, osje\u0107a se veliko i odlu\u010dno, a ovakvo klasi\u010dno odijelo mo\u017ee se kombinirati s majicom kratkih rukava i tenisicama ili klasi\u010dnom ko\u0161uljom i cipelama.<\/p>\n\n\n\n<p id=\"x_x_block-03a2e32f-0ca0-41be-8a9c-5a4ddc741c76\">Brzi link za kupnju: &nbsp;<a href=\"https:\/\/www2.hm.com\/en_eur\/free-form-campaigns\/holiday-2023.kids.html#\/kids\/default\/product\/article-79\" target=\"_blank\" rel=\"noreferrer noopener\">OVDJE<\/a><\/p>\n<\/div><\/div>\n\n\n\n<hr class=\"wp-block-separator has-alpha-channel-opacity\"\/>\n\n\n\n<div class=\"wp-block-media-text has-media-on-the-right is-stacked-on-mobile\"><div class=\"wp-block-media-text__content\">\n<h2 class=\"wp-block-heading\" id=\"x_x_block-61c712b1-f4ea-436c-b54a-5a1ce961e142\">Haljinica s ma\u0161nom &#8211; 14,99\u20ac<\/h2>\n\n\n\n<p id=\"x_x_block-d2543a90-ff4e-4309-9e18-f4e9153aa277\">Ma\u0161na je omiljeni ukrasni detalj i upravo zato je ova haljina posebna, a lijepo \u0107e izgledati uz nje\u017ean kardigan i lakirane cipelice.&nbsp;<\/p>\n\n\n\n<p id=\"x_x_block-070bd357-a8b6-4108-8b6f-9240f387c0f0\">Brzi link za kupnju: &nbsp;<a href=\"https:\/\/www2.hm.com\/en_eur\/free-form-campaigns\/holiday-2023.kids.html#\/kids\/default\/product\/article-75\" target=\"_blank\" rel=\"noreferrer noopener\">OVDJE &nbsp;<\/a><\/p>\n<\/div><figure class=\"wp-block-media-text__media\"><img loading=\"lazy\" decoding=\"async\" width=\"1024\" height=\"1024\" data-attachment-id=\"324\" data-permalink=\"https:\/\/specijali.net.hr\/teme\/ovo-je-top-10-komada-iz-hm-djecje-kolekcije-koje-bismo-i-same-nosile\/befunky-collage-10-2\/\" data-orig-file=\"https:\/\/specijali.net.hr\/teme\/wp-content\/uploads\/2023\/11\/BeFunky-collage-10-1.jpg\" data-orig-size=\"1024,1024\" data-comments-opened=\"0\" data-image-meta=\"{&quot;aperture&quot;:&quot;0&quot;,&quot;credit&quot;:&quot;&quot;,&quot;camera&quot;:&quot;&quot;,&quot;caption&quot;:&quot;&quot;,&quot;created_timestamp&quot;:&quot;0&quot;,&quot;copyright&quot;:&quot;&quot;,&quot;focal_length&quot;:&quot;0&quot;,&quot;iso&quot;:&quot;0&quot;,&quot;shutter_speed&quot;:&quot;0&quot;,&quot;title&quot;:&quot;&quot;,&quot;orientation&quot;:&quot;0&quot;}\" data-image-title=\"BeFunky-collage-(10)\" data-image-description=\"\" data-image-caption=\"\" data-large-file=\"https:\/\/specijali.net.hr\/teme\/wp-content\/uploads\/2023\/11\/BeFunky-collage-10-1.jpg\" src=\"https:\/\/specijali.net.hr\/teme\/wp-content\/uploads\/2023\/11\/BeFunky-collage-10-1.jpg\" alt=\"\" class=\"wp-image-324 size-full\" srcset=\"https:\/\/specijali.net.hr\/teme\/wp-content\/uploads\/2023\/11\/BeFunky-collage-10-1.jpg 1024w, https:\/\/specijali.net.hr\/teme\/wp-content\/uploads\/2023\/11\/BeFunky-collage-10-1-300x300.jpg 300w, https:\/\/specijali.net.hr\/teme\/wp-content\/uploads\/2023\/11\/BeFunky-collage-10-1-150x150.jpg 150w, https:\/\/specijali.net.hr\/teme\/wp-content\/uploads\/2023\/11\/BeFunky-collage-10-1-768x768.jpg 768w\" sizes=\"auto, (max-width: 1024px) 100vw, 1024px\" \/><\/figure><\/div>\n\n\n\n<hr class=\"wp-block-separator has-alpha-channel-opacity\"\/>\n\n\n\n<div class=\"wp-block-media-text is-stacked-on-mobile\"><figure class=\"wp-block-media-text__media\"><img loading=\"lazy\" decoding=\"async\" width=\"1024\" height=\"1024\" data-attachment-id=\"325\" data-permalink=\"https:\/\/specijali.net.hr\/teme\/ovo-je-top-10-komada-iz-hm-djecje-kolekcije-koje-bismo-i-same-nosile\/befunky-collage-13\/\" data-orig-file=\"https:\/\/specijali.net.hr\/teme\/wp-content\/uploads\/2023\/11\/BeFunky-collage-13.jpg\" data-orig-size=\"1024,1024\" data-comments-opened=\"0\" data-image-meta=\"{&quot;aperture&quot;:&quot;0&quot;,&quot;credit&quot;:&quot;&quot;,&quot;camera&quot;:&quot;&quot;,&quot;caption&quot;:&quot;&quot;,&quot;created_timestamp&quot;:&quot;0&quot;,&quot;copyright&quot;:&quot;&quot;,&quot;focal_length&quot;:&quot;0&quot;,&quot;iso&quot;:&quot;0&quot;,&quot;shutter_speed&quot;:&quot;0&quot;,&quot;title&quot;:&quot;&quot;,&quot;orientation&quot;:&quot;0&quot;}\" data-image-title=\"BeFunky-collage-(13)\" data-image-description=\"\" data-image-caption=\"\" data-large-file=\"https:\/\/specijali.net.hr\/teme\/wp-content\/uploads\/2023\/11\/BeFunky-collage-13.jpg\" src=\"https:\/\/specijali.net.hr\/teme\/wp-content\/uploads\/2023\/11\/BeFunky-collage-13.jpg\" alt=\"\" class=\"wp-image-325 size-full\" srcset=\"https:\/\/specijali.net.hr\/teme\/wp-content\/uploads\/2023\/11\/BeFunky-collage-13.jpg 1024w, https:\/\/specijali.net.hr\/teme\/wp-content\/uploads\/2023\/11\/BeFunky-collage-13-300x300.jpg 300w, https:\/\/specijali.net.hr\/teme\/wp-content\/uploads\/2023\/11\/BeFunky-collage-13-150x150.jpg 150w, https:\/\/specijali.net.hr\/teme\/wp-content\/uploads\/2023\/11\/BeFunky-collage-13-768x768.jpg 768w\" sizes=\"auto, (max-width: 1024px) 100vw, 1024px\" \/><\/figure><div class=\"wp-block-media-text__content\">\n<h2 class=\"wp-block-heading\" id=\"x_x_block-40f7542b-fe20-4272-ac82-e797090c52fd\">Ukras za kosu &#8211; 8,99\u20ac<\/h2>\n\n\n\n<p id=\"x_x_block-f5ed3031-2772-47e2-837f-4d9381424496\">Ovaj ukras mo\u017ee se nositi na dugu i kratku kosu, a crna ma\u0161na odli\u010dno \u0107e odgovarati razli\u010ditim modnim kombinacijama. Za blagdane \u0107e biti dodatak koji \u0107e djevoj\u010dice nositi poput krune.<\/p>\n\n\n\n<p id=\"x_x_block-31a6c54e-1aa9-481b-bde4-2be32765c70b\">Brzi link za kupnju: &nbsp;<a href=\"https:\/\/www2.hm.com\/en_eur\/free-form-campaigns\/holiday-2023.kids.html#\/kids\/default\/product\/article-88\" target=\"_blank\" rel=\"noreferrer noopener\">OVDJE<\/a><\/p>\n<\/div><\/div>\n\n\n\n<hr class=\"wp-block-separator has-alpha-channel-opacity\"\/>\n\n\n\n<div class=\"wp-block-media-text has-media-on-the-right is-stacked-on-mobile\"><div class=\"wp-block-media-text__content\">\n<h2 class=\"wp-block-heading\" id=\"x_x_block-80f5a3fe-c350-44d2-a592-383e115df3c0\">Bijela haljinica s cvijetom &#8211; 29,99\u20ac<\/h2>\n\n\n\n<p id=\"x_x_block-3c9d774e-6edc-4787-a4e7-b82b80d17027\">Prava haljinica za sve djevoj\u010dice koje se na blagdan (ali i ina\u010de) \u017eele osje\u0107ati poput princeze. Lepr\u0161ava slojevita suknjica s gornjim dijelom bez rukava, ali cvijetom kao ukrasom. Savr\u0161eno \u0107e pristajati uz cipelice u boji i lakirane modele, a mo\u017ee izgledati i prili\u010dno\u00a0<em>cool\u00a0<\/em>uz neke ko\u017enate \u010dizme.\u00a0<\/p>\n\n\n\n<p id=\"x_x_block-42eaafb2-ad33-4224-a2d3-061d91af5c91\">Brzi link za kupnju: &nbsp;<a href=\"https:\/\/www2.hm.com\/en_eur\/free-form-campaigns\/holiday-2023.kids.html#\/kids\/default\/product\/article-104\" target=\"_blank\" rel=\"noreferrer noopener\">OVDJE<\/a><\/p>\n<\/div><figure class=\"wp-block-media-text__media\"><img loading=\"lazy\" decoding=\"async\" width=\"1024\" height=\"1024\" data-attachment-id=\"328\" data-permalink=\"https:\/\/specijali.net.hr\/teme\/ovo-je-top-10-komada-iz-hm-djecje-kolekcije-koje-bismo-i-same-nosile\/befunky-collage-12\/\" data-orig-file=\"https:\/\/specijali.net.hr\/teme\/wp-content\/uploads\/2023\/11\/BeFunky-collage-12.jpg\" data-orig-size=\"1024,1024\" data-comments-opened=\"0\" data-image-meta=\"{&quot;aperture&quot;:&quot;0&quot;,&quot;credit&quot;:&quot;&quot;,&quot;camera&quot;:&quot;&quot;,&quot;caption&quot;:&quot;&quot;,&quot;created_timestamp&quot;:&quot;0&quot;,&quot;copyright&quot;:&quot;&quot;,&quot;focal_length&quot;:&quot;0&quot;,&quot;iso&quot;:&quot;0&quot;,&quot;shutter_speed&quot;:&quot;0&quot;,&quot;title&quot;:&quot;&quot;,&quot;orientation&quot;:&quot;0&quot;}\" data-image-title=\"BeFunky-collage-(12)\" data-image-description=\"\" data-image-caption=\"\" data-large-file=\"https:\/\/specijali.net.hr\/teme\/wp-content\/uploads\/2023\/11\/BeFunky-collage-12.jpg\" src=\"https:\/\/specijali.net.hr\/teme\/wp-content\/uploads\/2023\/11\/BeFunky-collage-12.jpg\" alt=\"\" class=\"wp-image-328 size-full\" srcset=\"https:\/\/specijali.net.hr\/teme\/wp-content\/uploads\/2023\/11\/BeFunky-collage-12.jpg 1024w, https:\/\/specijali.net.hr\/teme\/wp-content\/uploads\/2023\/11\/BeFunky-collage-12-300x300.jpg 300w, https:\/\/specijali.net.hr\/teme\/wp-content\/uploads\/2023\/11\/BeFunky-collage-12-150x150.jpg 150w, https:\/\/specijali.net.hr\/teme\/wp-content\/uploads\/2023\/11\/BeFunky-collage-12-768x768.jpg 768w\" sizes=\"auto, (max-width: 1024px) 100vw, 1024px\" \/><\/figure><\/div>\n\n\n\n<hr class=\"wp-block-separator has-alpha-channel-opacity\"\/>\n\n\n\n<div class=\"wp-block-media-text is-stacked-on-mobile\"><figure class=\"wp-block-media-text__media\"><img loading=\"lazy\" decoding=\"async\" width=\"1024\" height=\"1024\" data-attachment-id=\"330\" data-permalink=\"https:\/\/specijali.net.hr\/teme\/ovo-je-top-10-komada-iz-hm-djecje-kolekcije-koje-bismo-i-same-nosile\/befunky-collage-15\/\" data-orig-file=\"https:\/\/specijali.net.hr\/teme\/wp-content\/uploads\/2023\/11\/BeFunky-collage-15.jpg\" data-orig-size=\"1024,1024\" data-comments-opened=\"0\" data-image-meta=\"{&quot;aperture&quot;:&quot;0&quot;,&quot;credit&quot;:&quot;&quot;,&quot;camera&quot;:&quot;&quot;,&quot;caption&quot;:&quot;&quot;,&quot;created_timestamp&quot;:&quot;0&quot;,&quot;copyright&quot;:&quot;&quot;,&quot;focal_length&quot;:&quot;0&quot;,&quot;iso&quot;:&quot;0&quot;,&quot;shutter_speed&quot;:&quot;0&quot;,&quot;title&quot;:&quot;&quot;,&quot;orientation&quot;:&quot;0&quot;}\" data-image-title=\"BeFunky-collage-(15)\" data-image-description=\"\" data-image-caption=\"\" data-large-file=\"https:\/\/specijali.net.hr\/teme\/wp-content\/uploads\/2023\/11\/BeFunky-collage-15.jpg\" src=\"https:\/\/specijali.net.hr\/teme\/wp-content\/uploads\/2023\/11\/BeFunky-collage-15.jpg\" alt=\"\" class=\"wp-image-330 size-full\" srcset=\"https:\/\/specijali.net.hr\/teme\/wp-content\/uploads\/2023\/11\/BeFunky-collage-15.jpg 1024w, https:\/\/specijali.net.hr\/teme\/wp-content\/uploads\/2023\/11\/BeFunky-collage-15-300x300.jpg 300w, https:\/\/specijali.net.hr\/teme\/wp-content\/uploads\/2023\/11\/BeFunky-collage-15-150x150.jpg 150w, https:\/\/specijali.net.hr\/teme\/wp-content\/uploads\/2023\/11\/BeFunky-collage-15-768x768.jpg 768w\" sizes=\"auto, (max-width: 1024px) 100vw, 1024px\" \/><\/figure><div class=\"wp-block-media-text__content\">\n<h2 class=\"wp-block-heading\" id=\"x_x_block-2e313e75-68d8-4c54-8486-7d3eda7d6ba7\">Haljina sa \u0161ljokicama &#8211; 39,99\u20ac<\/h2>\n\n\n\n<p id=\"x_x_block-c4397072-2807-472f-8c6a-d2f828216b30\">Jo\u0161 jedna srebrna haljina, ali ovo je model s pufastim rukavima. Zbog kroja i \u0161ljokica, djeluje vrlo rasko\u0161no.<\/p>\n\n\n\n<p id=\"x_x_block-97a9052b-c549-4aeb-a63a-15b41d78b0b5\">Brzi link za kupnju: &nbsp;<a href=\"https:\/\/www2.hm.com\/en_eur\/free-form-campaigns\/holiday-2023.kids.html#\/kids\/default\/product\/article-80\" target=\"_blank\" rel=\"noreferrer noopener\">OVDJE<\/a><\/p>\n<\/div><\/div>\n\n\n\n<hr class=\"wp-block-separator has-alpha-channel-opacity\"\/>\n\n\n\n<div class=\"wp-block-media-text has-media-on-the-right is-stacked-on-mobile\"><div class=\"wp-block-media-text__content\">\n<h2 class=\"wp-block-heading\" id=\"x_x_block-5c484adc-332e-4b2c-b02a-9713c601b7a2\">Bluza i hla\u010de sa \u0161ljokicama &#8211; bluza (19,99\u20ac) i hla\u010de (19,99\u20ac)<\/h2>\n\n\n\n<p id=\"x_x_block-4b80a60c-3075-40d3-84aa-7f95c50955bc\">Ova dva komada mogu se nositi kao komplet, ali i odvojeno. Ovo \u0107e odgovarati djevoj\u010dicama koje ne vole jako sjajne stvari. \u0160ljokice, ali diskretne, odli\u010dno \u0107e se nositi uz tenisice ili jednostavne balerinke.<\/p>\n\n\n\n<p id=\"x_x_block-2762aebc-6277-4fcc-a4b8-10b4bdf48471\">Brzi link za kupnju: &nbsp;<a href=\"https:\/\/www2.hm.com\/en_eur\/free-form-campaigns\/holiday-2023.kids.html#\/kids\/default\/product\/article-76\" target=\"_blank\" rel=\"noreferrer noopener\">OVDJE<\/a>&nbsp;i&nbsp;<a href=\"https:\/\/www2.hm.com\/en_eur\/free-form-campaigns\/holiday-2023.kids.html#\/kids\/default\/product\/article-77\" target=\"_blank\" rel=\"noreferrer noopener\">OVDJE<\/a><\/p>\n<\/div><figure class=\"wp-block-media-text__media\"><img loading=\"lazy\" decoding=\"async\" width=\"1024\" height=\"1024\" data-attachment-id=\"331\" data-permalink=\"https:\/\/specijali.net.hr\/teme\/ovo-je-top-10-komada-iz-hm-djecje-kolekcije-koje-bismo-i-same-nosile\/befunky-collage-17\/\" data-orig-file=\"https:\/\/specijali.net.hr\/teme\/wp-content\/uploads\/2023\/11\/BeFunky-collage-17.jpg\" data-orig-size=\"1024,1024\" data-comments-opened=\"0\" data-image-meta=\"{&quot;aperture&quot;:&quot;0&quot;,&quot;credit&quot;:&quot;&quot;,&quot;camera&quot;:&quot;&quot;,&quot;caption&quot;:&quot;&quot;,&quot;created_timestamp&quot;:&quot;0&quot;,&quot;copyright&quot;:&quot;&quot;,&quot;focal_length&quot;:&quot;0&quot;,&quot;iso&quot;:&quot;0&quot;,&quot;shutter_speed&quot;:&quot;0&quot;,&quot;title&quot;:&quot;&quot;,&quot;orientation&quot;:&quot;0&quot;}\" data-image-title=\"BeFunky-collage-(17)\" data-image-description=\"\" data-image-caption=\"\" data-large-file=\"https:\/\/specijali.net.hr\/teme\/wp-content\/uploads\/2023\/11\/BeFunky-collage-17.jpg\" src=\"https:\/\/specijali.net.hr\/teme\/wp-content\/uploads\/2023\/11\/BeFunky-collage-17.jpg\" alt=\"\" class=\"wp-image-331 size-full\" srcset=\"https:\/\/specijali.net.hr\/teme\/wp-content\/uploads\/2023\/11\/BeFunky-collage-17.jpg 1024w, https:\/\/specijali.net.hr\/teme\/wp-content\/uploads\/2023\/11\/BeFunky-collage-17-300x300.jpg 300w, https:\/\/specijali.net.hr\/teme\/wp-content\/uploads\/2023\/11\/BeFunky-collage-17-150x150.jpg 150w, https:\/\/specijali.net.hr\/teme\/wp-content\/uploads\/2023\/11\/BeFunky-collage-17-768x768.jpg 768w\" sizes=\"auto, (max-width: 1024px) 100vw, 1024px\" \/><\/figure><\/div>\n\n\n\n<hr class=\"wp-block-separator has-alpha-channel-opacity\"\/>\n\n\n\n<div class=\"wp-block-media-text is-stacked-on-mobile\"><figure class=\"wp-block-media-text__media\"><img loading=\"lazy\" decoding=\"async\" width=\"1024\" height=\"1024\" data-attachment-id=\"332\" data-permalink=\"https:\/\/specijali.net.hr\/teme\/ovo-je-top-10-komada-iz-hm-djecje-kolekcije-koje-bismo-i-same-nosile\/befunky-collage-18\/\" data-orig-file=\"https:\/\/specijali.net.hr\/teme\/wp-content\/uploads\/2023\/11\/BeFunky-collage-18.jpg\" data-orig-size=\"1024,1024\" data-comments-opened=\"0\" data-image-meta=\"{&quot;aperture&quot;:&quot;0&quot;,&quot;credit&quot;:&quot;&quot;,&quot;camera&quot;:&quot;&quot;,&quot;caption&quot;:&quot;&quot;,&quot;created_timestamp&quot;:&quot;0&quot;,&quot;copyright&quot;:&quot;&quot;,&quot;focal_length&quot;:&quot;0&quot;,&quot;iso&quot;:&quot;0&quot;,&quot;shutter_speed&quot;:&quot;0&quot;,&quot;title&quot;:&quot;&quot;,&quot;orientation&quot;:&quot;0&quot;}\" data-image-title=\"BeFunky-collage-(18)\" data-image-description=\"\" data-image-caption=\"\" data-large-file=\"https:\/\/specijali.net.hr\/teme\/wp-content\/uploads\/2023\/11\/BeFunky-collage-18.jpg\" src=\"https:\/\/specijali.net.hr\/teme\/wp-content\/uploads\/2023\/11\/BeFunky-collage-18.jpg\" alt=\"\" class=\"wp-image-332 size-full\" srcset=\"https:\/\/specijali.net.hr\/teme\/wp-content\/uploads\/2023\/11\/BeFunky-collage-18.jpg 1024w, https:\/\/specijali.net.hr\/teme\/wp-content\/uploads\/2023\/11\/BeFunky-collage-18-300x300.jpg 300w, https:\/\/specijali.net.hr\/teme\/wp-content\/uploads\/2023\/11\/BeFunky-collage-18-150x150.jpg 150w, https:\/\/specijali.net.hr\/teme\/wp-content\/uploads\/2023\/11\/BeFunky-collage-18-768x768.jpg 768w\" sizes=\"auto, (max-width: 1024px) 100vw, 1024px\" \/><\/figure><div class=\"wp-block-media-text__content\">\n<h2 class=\"wp-block-heading\" id=\"x_x_block-df928773-f3fb-4797-a88e-54cd15939238\">Kombinezon s tankim naramenicama &#8211; 22,99\u20ac<\/h2>\n\n\n\n<p id=\"x_x_block-f844685c-a12a-4c67-8d37-f9891bc48b1f\">Kombinezoni su pravi\u00a0<em>it\u00a0<\/em>komad posljednjih godina pa nije neobi\u010dno da malo ve\u0107e curke \u017eele nositi upravo takav komad. Jednostavan kombinezon mo\u017ee se nositi na obiteljski ru\u010dak, ali i \u0161kolsku priredbu.\u00a0<\/p>\n\n\n\n<p id=\"x_x_block-820af5d6-6df6-4d32-8f24-576674510530\">&nbsp;Brzi link za kupnju: &nbsp;<a href=\"https:\/\/www2.hm.com\/en_eur\/free-form-campaigns\/holiday-2023.kids.html#\/kids\/default\/product\/article-89\" target=\"_blank\" rel=\"noreferrer noopener\">OVDJE<\/a><\/p>\n<\/div><\/div>\n\n\n\n<hr class=\"wp-block-separator has-alpha-channel-opacity\"\/>\n\n\n\n<div class=\"wp-block-media-text has-media-on-the-right is-stacked-on-mobile\"><div class=\"wp-block-media-text__content\">\n<h2 class=\"wp-block-heading\" id=\"x_x_block-0ebd1e6b-4c2f-4b46-bd02-117f2eba19fa\">Suknja &#8211; 17,99\u20ac<\/h2>\n\n\n\n<p id=\"x_x_block-17545ed5-254f-4729-82d4-dbecc2a9bc49\">Jo\u0161 jedan vrlo popularan model ove godine, satenska midisuknja, koja se mo\u017ee odli\u010dno stilizirati s pletivom (u opu\u0161tenoj varijanti) ili sakoom za malo sve\u010danije prilike. No svaka cura nosit \u0107e je na visoke tenisice jer je to tako\u00a0<em>cool.\u00a0<\/em><\/p>\n\n\n\n<p id=\"x_x_block-863e56ee-a185-411a-b047-0d3832a2f4ce\">Brzi link za kupnju: &nbsp;<a href=\"https:\/\/www2.hm.com\/en_eur\/free-form-campaigns\/holiday-2023.kids.html#\/kids\/default\/product\/article-90\" target=\"_blank\" rel=\"noreferrer noopener\">OVDJE<\/a><\/p>\n<\/div><figure class=\"wp-block-media-text__media\"><img loading=\"lazy\" decoding=\"async\" width=\"1024\" height=\"1024\" data-attachment-id=\"333\" data-permalink=\"https:\/\/specijali.net.hr\/teme\/ovo-je-top-10-komada-iz-hm-djecje-kolekcije-koje-bismo-i-same-nosile\/befunky-collage-20\/\" data-orig-file=\"https:\/\/specijali.net.hr\/teme\/wp-content\/uploads\/2023\/11\/BeFunky-collage-20.jpg\" data-orig-size=\"1024,1024\" data-comments-opened=\"0\" data-image-meta=\"{&quot;aperture&quot;:&quot;0&quot;,&quot;credit&quot;:&quot;&quot;,&quot;camera&quot;:&quot;&quot;,&quot;caption&quot;:&quot;&quot;,&quot;created_timestamp&quot;:&quot;0&quot;,&quot;copyright&quot;:&quot;&quot;,&quot;focal_length&quot;:&quot;0&quot;,&quot;iso&quot;:&quot;0&quot;,&quot;shutter_speed&quot;:&quot;0&quot;,&quot;title&quot;:&quot;&quot;,&quot;orientation&quot;:&quot;0&quot;}\" data-image-title=\"BeFunky-collage-(20)\" data-image-description=\"\" data-image-caption=\"\" data-large-file=\"https:\/\/specijali.net.hr\/teme\/wp-content\/uploads\/2023\/11\/BeFunky-collage-20.jpg\" src=\"https:\/\/specijali.net.hr\/teme\/wp-content\/uploads\/2023\/11\/BeFunky-collage-20.jpg\" alt=\"\" class=\"wp-image-333 size-full\" srcset=\"https:\/\/specijali.net.hr\/teme\/wp-content\/uploads\/2023\/11\/BeFunky-collage-20.jpg 1024w, https:\/\/specijali.net.hr\/teme\/wp-content\/uploads\/2023\/11\/BeFunky-collage-20-300x300.jpg 300w, https:\/\/specijali.net.hr\/teme\/wp-content\/uploads\/2023\/11\/BeFunky-collage-20-150x150.jpg 150w, https:\/\/specijali.net.hr\/teme\/wp-content\/uploads\/2023\/11\/BeFunky-collage-20-768x768.jpg 768w\" sizes=\"auto, (max-width: 1024px) 100vw, 1024px\" \/><\/figure><\/div>\n\n\n\n<p class=\"has-text-align-center\"><em>Sadr\u017eaj nastao u suradnji s <a href=\"https:\/\/www2.hm.com\/en_eur\/index.html\">H&amp;M Hrvatska<\/a>.<\/em><\/p>\n","protected":false},"excerpt":{"rendered":"<p>Sti\u017eu blagdani i mnogi ve\u0107 razmi\u0161ljaju o obiteljskim i drugima zabavama, a upravo za takve prilike va\u017eno je u ormaru&#8230;<\/p>\n","protected":false},"author":1,"featured_media":334,"comment_status":"closed","ping_status":"closed","sticky":false,"template":"","format":"aside","meta":{"_acf_changed":false,"_jetpack_memberships_contains_paid_content":false,"footnotes":""},"categories":[1],"tags":[],"class_list":["post-287","post","type-post","status-publish","format-aside","has-post-thumbnail","hentry","category-nekategorizirano","post_format-post-format-aside"],"acf":[],"yoast_head":"<!-- This site is optimized with the Yoast SEO plugin v27.5 - https:\/\/yoast.com\/product\/yoast-seo-wordpress\/ -->\n<title>Ovo je top 10 komada iz H&amp;M dje\u010dje kolekcije koje bismo i same nosile - Net.hr teme<\/title>\n<meta name=\"robots\" content=\"index, follow, max-snippet:-1, max-image-preview:large, max-video-preview:-1\" \/>\n<link rel=\"canonical\" href=\"https:\/\/specijali.net.hr\/teme\/ovo-je-top-10-komada-iz-hm-djecje-kolekcije-koje-bismo-i-same-nosile\/\" \/>\n<meta property=\"og:locale\" content=\"hr_HR\" \/>\n<meta property=\"og:type\" content=\"article\" \/>\n<meta property=\"og:title\" content=\"Ovo je top 10 komada iz H&amp;M dje\u010dje kolekcije koje bismo i same nosile - Net.hr teme\" \/>\n<meta property=\"og:description\" content=\"Sti\u017eu blagdani i mnogi ve\u0107 razmi\u0161ljaju o obiteljskim i drugima zabavama, a upravo za takve prilike va\u017eno je u ormaru...\" \/>\n<meta property=\"og:url\" content=\"https:\/\/specijali.net.hr\/teme\/ovo-je-top-10-komada-iz-hm-djecje-kolekcije-koje-bismo-i-same-nosile\/\" \/>\n<meta property=\"og:site_name\" content=\"Net.hr teme\" \/>\n<meta property=\"article:published_time\" content=\"2023-11-17T11:41:39+00:00\" \/>\n<meta property=\"article:modified_time\" content=\"2023-11-22T10:29:22+00:00\" \/>\n<meta property=\"og:image\" content=\"https:\/\/specijali.net.hr\/teme\/wp-content\/uploads\/2023\/11\/curice.png\" \/>\n\t<meta property=\"og:image:width\" content=\"1965\" \/>\n\t<meta property=\"og:image:height\" content=\"903\" \/>\n\t<meta property=\"og:image:type\" content=\"image\/png\" \/>\n<meta name=\"author\" content=\"mihovil\" \/>\n<meta name=\"twitter:card\" content=\"summary_large_image\" \/>\n<meta name=\"twitter:label1\" content=\"Napisao\/la\" \/>\n\t<meta name=\"twitter:data1\" content=\"mihovil\" \/>\n\t<meta name=\"twitter:label2\" content=\"Procijenjeno vrijeme \u010ditanja\" \/>\n\t<meta name=\"twitter:data2\" content=\"6 minuta\" \/>\n<script type=\"application\/ld+json\" class=\"yoast-schema-graph\">{\"@context\":\"https:\\\/\\\/schema.org\",\"@graph\":[{\"@type\":\"Article\",\"@id\":\"https:\\\/\\\/specijali.net.hr\\\/teme\\\/ovo-je-top-10-komada-iz-hm-djecje-kolekcije-koje-bismo-i-same-nosile\\\/#article\",\"isPartOf\":{\"@id\":\"https:\\\/\\\/specijali.net.hr\\\/teme\\\/ovo-je-top-10-komada-iz-hm-djecje-kolekcije-koje-bismo-i-same-nosile\\\/\"},\"author\":{\"name\":\"mihovil\",\"@id\":\"https:\\\/\\\/specijali.net.hr\\\/teme\\\/#\\\/schema\\\/person\\\/60f1a8024a4db60848c6ffcf86480838\"},\"headline\":\"Ovo je top 10 komada iz H&amp;M dje\u010dje kolekcije koje bismo i same nosile\",\"datePublished\":\"2023-11-17T11:41:39+00:00\",\"dateModified\":\"2023-11-22T10:29:22+00:00\",\"mainEntityOfPage\":{\"@id\":\"https:\\\/\\\/specijali.net.hr\\\/teme\\\/ovo-je-top-10-komada-iz-hm-djecje-kolekcije-koje-bismo-i-same-nosile\\\/\"},\"wordCount\":727,\"publisher\":{\"@id\":\"https:\\\/\\\/specijali.net.hr\\\/teme\\\/#organization\"},\"image\":{\"@id\":\"https:\\\/\\\/specijali.net.hr\\\/teme\\\/ovo-je-top-10-komada-iz-hm-djecje-kolekcije-koje-bismo-i-same-nosile\\\/#primaryimage\"},\"thumbnailUrl\":\"https:\\\/\\\/specijali.net.hr\\\/teme\\\/wp-content\\\/uploads\\\/2023\\\/11\\\/curice.png\",\"inLanguage\":\"hr\"},{\"@type\":\"WebPage\",\"@id\":\"https:\\\/\\\/specijali.net.hr\\\/teme\\\/ovo-je-top-10-komada-iz-hm-djecje-kolekcije-koje-bismo-i-same-nosile\\\/\",\"url\":\"https:\\\/\\\/specijali.net.hr\\\/teme\\\/ovo-je-top-10-komada-iz-hm-djecje-kolekcije-koje-bismo-i-same-nosile\\\/\",\"name\":\"Ovo je top 10 komada iz H&amp;M dje\u010dje kolekcije koje bismo i same nosile - Net.hr teme\",\"isPartOf\":{\"@id\":\"https:\\\/\\\/specijali.net.hr\\\/teme\\\/#website\"},\"primaryImageOfPage\":{\"@id\":\"https:\\\/\\\/specijali.net.hr\\\/teme\\\/ovo-je-top-10-komada-iz-hm-djecje-kolekcije-koje-bismo-i-same-nosile\\\/#primaryimage\"},\"image\":{\"@id\":\"https:\\\/\\\/specijali.net.hr\\\/teme\\\/ovo-je-top-10-komada-iz-hm-djecje-kolekcije-koje-bismo-i-same-nosile\\\/#primaryimage\"},\"thumbnailUrl\":\"https:\\\/\\\/specijali.net.hr\\\/teme\\\/wp-content\\\/uploads\\\/2023\\\/11\\\/curice.png\",\"datePublished\":\"2023-11-17T11:41:39+00:00\",\"dateModified\":\"2023-11-22T10:29:22+00:00\",\"breadcrumb\":{\"@id\":\"https:\\\/\\\/specijali.net.hr\\\/teme\\\/ovo-je-top-10-komada-iz-hm-djecje-kolekcije-koje-bismo-i-same-nosile\\\/#breadcrumb\"},\"inLanguage\":\"hr\",\"potentialAction\":[{\"@type\":\"ReadAction\",\"target\":[\"https:\\\/\\\/specijali.net.hr\\\/teme\\\/ovo-je-top-10-komada-iz-hm-djecje-kolekcije-koje-bismo-i-same-nosile\\\/\"]}]},{\"@type\":\"ImageObject\",\"inLanguage\":\"hr\",\"@id\":\"https:\\\/\\\/specijali.net.hr\\\/teme\\\/ovo-je-top-10-komada-iz-hm-djecje-kolekcije-koje-bismo-i-same-nosile\\\/#primaryimage\",\"url\":\"https:\\\/\\\/specijali.net.hr\\\/teme\\\/wp-content\\\/uploads\\\/2023\\\/11\\\/curice.png\",\"contentUrl\":\"https:\\\/\\\/specijali.net.hr\\\/teme\\\/wp-content\\\/uploads\\\/2023\\\/11\\\/curice.png\",\"width\":1965,\"height\":903},{\"@type\":\"BreadcrumbList\",\"@id\":\"https:\\\/\\\/specijali.net.hr\\\/teme\\\/ovo-je-top-10-komada-iz-hm-djecje-kolekcije-koje-bismo-i-same-nosile\\\/#breadcrumb\",\"itemListElement\":[{\"@type\":\"ListItem\",\"position\":1,\"name\":\"Po\u010detna stranica\",\"item\":\"https:\\\/\\\/specijali.net.hr\\\/teme\\\/\"},{\"@type\":\"ListItem\",\"position\":2,\"name\":\"Ovo je top 10 komada iz H&amp;M dje\u010dje kolekcije koje bismo i same nosile\"}]},{\"@type\":\"WebSite\",\"@id\":\"https:\\\/\\\/specijali.net.hr\\\/teme\\\/#website\",\"url\":\"https:\\\/\\\/specijali.net.hr\\\/teme\\\/\",\"name\":\"Net.hr teme\",\"description\":\"\",\"publisher\":{\"@id\":\"https:\\\/\\\/specijali.net.hr\\\/teme\\\/#organization\"},\"potentialAction\":[{\"@type\":\"SearchAction\",\"target\":{\"@type\":\"EntryPoint\",\"urlTemplate\":\"https:\\\/\\\/specijali.net.hr\\\/teme\\\/?s={search_term_string}\"},\"query-input\":{\"@type\":\"PropertyValueSpecification\",\"valueRequired\":true,\"valueName\":\"search_term_string\"}}],\"inLanguage\":\"hr\"},{\"@type\":\"Organization\",\"@id\":\"https:\\\/\\\/specijali.net.hr\\\/teme\\\/#organization\",\"name\":\"Net.hr teme\",\"url\":\"https:\\\/\\\/specijali.net.hr\\\/teme\\\/\",\"logo\":{\"@type\":\"ImageObject\",\"inLanguage\":\"hr\",\"@id\":\"https:\\\/\\\/specijali.net.hr\\\/teme\\\/#\\\/schema\\\/logo\\\/image\\\/\",\"url\":\"https:\\\/\\\/specijali.net.hr\\\/teme\\\/wp-content\\\/uploads\\\/2023\\\/09\\\/cropped-net-symbol.png\",\"contentUrl\":\"https:\\\/\\\/specijali.net.hr\\\/teme\\\/wp-content\\\/uploads\\\/2023\\\/09\\\/cropped-net-symbol.png\",\"width\":512,\"height\":512,\"caption\":\"Net.hr teme\"},\"image\":{\"@id\":\"https:\\\/\\\/specijali.net.hr\\\/teme\\\/#\\\/schema\\\/logo\\\/image\\\/\"}},{\"@type\":\"Person\",\"@id\":\"https:\\\/\\\/specijali.net.hr\\\/teme\\\/#\\\/schema\\\/person\\\/60f1a8024a4db60848c6ffcf86480838\",\"name\":\"mihovil\",\"image\":{\"@type\":\"ImageObject\",\"inLanguage\":\"hr\",\"@id\":\"https:\\\/\\\/secure.gravatar.com\\\/avatar\\\/3382b881f9f769684b4b039679ec50feb379a57285f3dd4ef3a28b53da3cf59b?s=96&d=mm&r=g\",\"url\":\"https:\\\/\\\/secure.gravatar.com\\\/avatar\\\/3382b881f9f769684b4b039679ec50feb379a57285f3dd4ef3a28b53da3cf59b?s=96&d=mm&r=g\",\"contentUrl\":\"https:\\\/\\\/secure.gravatar.com\\\/avatar\\\/3382b881f9f769684b4b039679ec50feb379a57285f3dd4ef3a28b53da3cf59b?s=96&d=mm&r=g\",\"caption\":\"mihovil\"},\"sameAs\":[\"https:\\\/\\\/specijali.net.hr\\\/teme\"],\"url\":\"https:\\\/\\\/specijali.net.hr\\\/teme\\\/author\\\/mihovil\\\/\"}]}<\/script>\n<!-- \/ Yoast SEO plugin. -->","yoast_head_json":{"title":"Ovo je top 10 komada iz H&amp;M dje\u010dje kolekcije koje bismo i same nosile - Net.hr teme","robots":{"index":"index","follow":"follow","max-snippet":"max-snippet:-1","max-image-preview":"max-image-preview:large","max-video-preview":"max-video-preview:-1"},"canonical":"https:\/\/specijali.net.hr\/teme\/ovo-je-top-10-komada-iz-hm-djecje-kolekcije-koje-bismo-i-same-nosile\/","og_locale":"hr_HR","og_type":"article","og_title":"Ovo je top 10 komada iz H&amp;M dje\u010dje kolekcije koje bismo i same nosile - Net.hr teme","og_description":"Sti\u017eu blagdani i mnogi ve\u0107 razmi\u0161ljaju o obiteljskim i drugima zabavama, a upravo za takve prilike va\u017eno je u ormaru...","og_url":"https:\/\/specijali.net.hr\/teme\/ovo-je-top-10-komada-iz-hm-djecje-kolekcije-koje-bismo-i-same-nosile\/","og_site_name":"Net.hr teme","article_published_time":"2023-11-17T11:41:39+00:00","article_modified_time":"2023-11-22T10:29:22+00:00","og_image":[{"width":1965,"height":903,"url":"https:\/\/specijali.net.hr\/teme\/wp-content\/uploads\/2023\/11\/curice.png","type":"image\/png"}],"author":"mihovil","twitter_card":"summary_large_image","twitter_misc":{"Napisao\/la":"mihovil","Procijenjeno vrijeme \u010ditanja":"6 minuta"},"schema":{"@context":"https:\/\/schema.org","@graph":[{"@type":"Article","@id":"https:\/\/specijali.net.hr\/teme\/ovo-je-top-10-komada-iz-hm-djecje-kolekcije-koje-bismo-i-same-nosile\/#article","isPartOf":{"@id":"https:\/\/specijali.net.hr\/teme\/ovo-je-top-10-komada-iz-hm-djecje-kolekcije-koje-bismo-i-same-nosile\/"},"author":{"name":"mihovil","@id":"https:\/\/specijali.net.hr\/teme\/#\/schema\/person\/60f1a8024a4db60848c6ffcf86480838"},"headline":"Ovo je top 10 komada iz H&amp;M dje\u010dje kolekcije koje bismo i same nosile","datePublished":"2023-11-17T11:41:39+00:00","dateModified":"2023-11-22T10:29:22+00:00","mainEntityOfPage":{"@id":"https:\/\/specijali.net.hr\/teme\/ovo-je-top-10-komada-iz-hm-djecje-kolekcije-koje-bismo-i-same-nosile\/"},"wordCount":727,"publisher":{"@id":"https:\/\/specijali.net.hr\/teme\/#organization"},"image":{"@id":"https:\/\/specijali.net.hr\/teme\/ovo-je-top-10-komada-iz-hm-djecje-kolekcije-koje-bismo-i-same-nosile\/#primaryimage"},"thumbnailUrl":"https:\/\/specijali.net.hr\/teme\/wp-content\/uploads\/2023\/11\/curice.png","inLanguage":"hr"},{"@type":"WebPage","@id":"https:\/\/specijali.net.hr\/teme\/ovo-je-top-10-komada-iz-hm-djecje-kolekcije-koje-bismo-i-same-nosile\/","url":"https:\/\/specijali.net.hr\/teme\/ovo-je-top-10-komada-iz-hm-djecje-kolekcije-koje-bismo-i-same-nosile\/","name":"Ovo je top 10 komada iz H&amp;M dje\u010dje kolekcije koje bismo i same nosile - Net.hr teme","isPartOf":{"@id":"https:\/\/specijali.net.hr\/teme\/#website"},"primaryImageOfPage":{"@id":"https:\/\/specijali.net.hr\/teme\/ovo-je-top-10-komada-iz-hm-djecje-kolekcije-koje-bismo-i-same-nosile\/#primaryimage"},"image":{"@id":"https:\/\/specijali.net.hr\/teme\/ovo-je-top-10-komada-iz-hm-djecje-kolekcije-koje-bismo-i-same-nosile\/#primaryimage"},"thumbnailUrl":"https:\/\/specijali.net.hr\/teme\/wp-content\/uploads\/2023\/11\/curice.png","datePublished":"2023-11-17T11:41:39+00:00","dateModified":"2023-11-22T10:29:22+00:00","breadcrumb":{"@id":"https:\/\/specijali.net.hr\/teme\/ovo-je-top-10-komada-iz-hm-djecje-kolekcije-koje-bismo-i-same-nosile\/#breadcrumb"},"inLanguage":"hr","potentialAction":[{"@type":"ReadAction","target":["https:\/\/specijali.net.hr\/teme\/ovo-je-top-10-komada-iz-hm-djecje-kolekcije-koje-bismo-i-same-nosile\/"]}]},{"@type":"ImageObject","inLanguage":"hr","@id":"https:\/\/specijali.net.hr\/teme\/ovo-je-top-10-komada-iz-hm-djecje-kolekcije-koje-bismo-i-same-nosile\/#primaryimage","url":"https:\/\/specijali.net.hr\/teme\/wp-content\/uploads\/2023\/11\/curice.png","contentUrl":"https:\/\/specijali.net.hr\/teme\/wp-content\/uploads\/2023\/11\/curice.png","width":1965,"height":903},{"@type":"BreadcrumbList","@id":"https:\/\/specijali.net.hr\/teme\/ovo-je-top-10-komada-iz-hm-djecje-kolekcije-koje-bismo-i-same-nosile\/#breadcrumb","itemListElement":[{"@type":"ListItem","position":1,"name":"Po\u010detna stranica","item":"https:\/\/specijali.net.hr\/teme\/"},{"@type":"ListItem","position":2,"name":"Ovo je top 10 komada iz H&amp;M dje\u010dje kolekcije koje bismo i same nosile"}]},{"@type":"WebSite","@id":"https:\/\/specijali.net.hr\/teme\/#website","url":"https:\/\/specijali.net.hr\/teme\/","name":"Net.hr teme","description":"","publisher":{"@id":"https:\/\/specijali.net.hr\/teme\/#organization"},"potentialAction":[{"@type":"SearchAction","target":{"@type":"EntryPoint","urlTemplate":"https:\/\/specijali.net.hr\/teme\/?s={search_term_string}"},"query-input":{"@type":"PropertyValueSpecification","valueRequired":true,"valueName":"search_term_string"}}],"inLanguage":"hr"},{"@type":"Organization","@id":"https:\/\/specijali.net.hr\/teme\/#organization","name":"Net.hr teme","url":"https:\/\/specijali.net.hr\/teme\/","logo":{"@type":"ImageObject","inLanguage":"hr","@id":"https:\/\/specijali.net.hr\/teme\/#\/schema\/logo\/image\/","url":"https:\/\/specijali.net.hr\/teme\/wp-content\/uploads\/2023\/09\/cropped-net-symbol.png","contentUrl":"https:\/\/specijali.net.hr\/teme\/wp-content\/uploads\/2023\/09\/cropped-net-symbol.png","width":512,"height":512,"caption":"Net.hr teme"},"image":{"@id":"https:\/\/specijali.net.hr\/teme\/#\/schema\/logo\/image\/"}},{"@type":"Person","@id":"https:\/\/specijali.net.hr\/teme\/#\/schema\/person\/60f1a8024a4db60848c6ffcf86480838","name":"mihovil","image":{"@type":"ImageObject","inLanguage":"hr","@id":"https:\/\/secure.gravatar.com\/avatar\/3382b881f9f769684b4b039679ec50feb379a57285f3dd4ef3a28b53da3cf59b?s=96&d=mm&r=g","url":"https:\/\/secure.gravatar.com\/avatar\/3382b881f9f769684b4b039679ec50feb379a57285f3dd4ef3a28b53da3cf59b?s=96&d=mm&r=g","contentUrl":"https:\/\/secure.gravatar.com\/avatar\/3382b881f9f769684b4b039679ec50feb379a57285f3dd4ef3a28b53da3cf59b?s=96&d=mm&r=g","caption":"mihovil"},"sameAs":["https:\/\/specijali.net.hr\/teme"],"url":"https:\/\/specijali.net.hr\/teme\/author\/mihovil\/"}]}},"jetpack_featured_media_url":"https:\/\/specijali.net.hr\/teme\/wp-content\/uploads\/2023\/11\/curice.png","jetpack_sharing_enabled":true,"_links":{"self":[{"href":"https:\/\/specijali.net.hr\/teme\/wp-json\/wp\/v2\/posts\/287","targetHints":{"allow":["GET"]}}],"collection":[{"href":"https:\/\/specijali.net.hr\/teme\/wp-json\/wp\/v2\/posts"}],"about":[{"href":"https:\/\/specijali.net.hr\/teme\/wp-json\/wp\/v2\/types\/post"}],"author":[{"embeddable":true,"href":"https:\/\/specijali.net.hr\/teme\/wp-json\/wp\/v2\/users\/1"}],"replies":[{"embeddable":true,"href":"https:\/\/specijali.net.hr\/teme\/wp-json\/wp\/v2\/comments?post=287"}],"version-history":[{"count":37,"href":"https:\/\/specijali.net.hr\/teme\/wp-json\/wp\/v2\/posts\/287\/revisions"}],"predecessor-version":[{"id":350,"href":"https:\/\/specijali.net.hr\/teme\/wp-json\/wp\/v2\/posts\/287\/revisions\/350"}],"wp:featuredmedia":[{"embeddable":true,"href":"https:\/\/specijali.net.hr\/teme\/wp-json\/wp\/v2\/media\/334"}],"wp:attachment":[{"href":"https:\/\/specijali.net.hr\/teme\/wp-json\/wp\/v2\/media?parent=287"}],"wp:term":[{"taxonomy":"category","embeddable":true,"href":"https:\/\/specijali.net.hr\/teme\/wp-json\/wp\/v2\/categories?post=287"},{"taxonomy":"post_tag","embeddable":true,"href":"https:\/\/specijali.net.hr\/teme\/wp-json\/wp\/v2\/tags?post=287"}],"curies":[{"name":"wp","href":"https:\/\/api.w.org\/{rel}","templated":true}]}}